{"id":8496,"date":"2025-03-27T10:13:00","date_gmt":"2025-03-27T07:13:00","guid":{"rendered":"https:\/\/kindora.com\/?p=8496"},"modified":"2025-11-04T15:58:13","modified_gmt":"2025-11-04T12:58:13","slug":"slabire-copii-si-adolescenti","status":"publish","type":"post","link":"https:\/\/kindora.com\/ro\/slabire-copii-si-adolescenti\/","title":{"rendered":"Sl\u0103birea \u00een cazul copiilor \u0219i al adolescen\u021bilor: ce recomand\u0103 nutri\u021bioni\u0219tii"},"content":{"rendered":"\n<div class=\"wp-block-columns is-layout-flex wp-container-core-columns-is-layout-9d6595d7 wp-block-columns-is-layout-flex\">\n<div class=\"wp-block-column is-layout-flow wp-block-column-is-layout-flow\">\n<div class=\"wp-block-columns is-layout-flex wp-container-core-columns-is-layout-9d6595d7 wp-block-columns-is-layout-flex\">\n<div class=\"wp-block-column is-layout-flow wp-block-column-is-layout-flow\">\n<figure class=\"wp-block-image size-large is-resized\"><img loading=\"lazy\" decoding=\"async\" width=\"1024\" height=\"683\" src=\"https:\/\/kindora.com\/wp-content\/uploads\/2025\/03\/slabire-copii-si-adolescenti_obiceiuri-sanatoase-1024x683.jpg\" alt=\"Imagine din fa\u021b\u0103 cu dou\u0103 adolescente care stau pe iarb\u0103. Una dintre ele bea ap\u0103, \u00een timp ce cealalt\u0103 st\u0103 pe telefon.\" class=\"wp-image-8501\" style=\"object-fit:cover;width:500px;height:350px\" srcset=\"https:\/\/kindora.com\/wp-content\/uploads\/2025\/03\/slabire-copii-si-adolescenti_obiceiuri-sanatoase-1024x683.jpg 1024w, https:\/\/kindora.com\/wp-content\/uploads\/2025\/03\/slabire-copii-si-adolescenti_obiceiuri-sanatoase-300x200.jpg 300w, https:\/\/kindora.com\/wp-content\/uploads\/2025\/03\/slabire-copii-si-adolescenti_obiceiuri-sanatoase-768x512.jpg 768w, https:\/\/kindora.com\/wp-content\/uploads\/2025\/03\/slabire-copii-si-adolescenti_obiceiuri-sanatoase-1536x1024.jpg 1536w, https:\/\/kindora.com\/wp-content\/uploads\/2025\/03\/slabire-copii-si-adolescenti_obiceiuri-sanatoase-2048x1365.jpg 2048w, https:\/\/kindora.com\/wp-content\/uploads\/2025\/03\/slabire-copii-si-adolescenti_obiceiuri-sanatoase-30x20.jpg 30w, https:\/\/kindora.com\/wp-content\/uploads\/2025\/03\/slabire-copii-si-adolescenti_obiceiuri-sanatoase-360x240.jpg 360w, https:\/\/kindora.com\/wp-content\/uploads\/2025\/03\/slabire-copii-si-adolescenti_obiceiuri-sanatoase-265x177.jpg 265w, https:\/\/kindora.com\/wp-content\/uploads\/2025\/03\/slabire-copii-si-adolescenti_obiceiuri-sanatoase-405x270.jpg 405w\" sizes=\"auto, (max-width: 1024px) 100vw, 1024px\" \/><\/figure>\n<\/div>\n\n\n\n<div class=\"wp-block-column is-layout-flow wp-block-column-is-layout-flow\">\n<p>At\u00e2t \u00een copil\u0103rie, dar mai ales la v\u00e2rsta adolescen\u021bei, greutatea poate s\u0103 reprezinte un factor definitoriu at\u00e2t pentru imaginea de sine c\u00e2t \u0219i pentru rela\u021biile personale. <\/p>\n\n\n\n<p>Din ce \u00een ce mai mul\u021bi tineri caut\u0103 modalit\u0103\u021bi de a sl\u0103bi. Uneori, din teama de a fi judeca\u021bi de cei din jur, ei ajung s\u0103 recurg\u0103 la modalit\u0103\u021bi mai pu\u021bin s\u0103n\u0103toase pentru a atinge un ideal estetic.<\/p>\n\n\n\n<p>De aceea, sl\u0103birea pentru copii \u0219i adolescen\u021bi asupra c\u0103ruia <a href=\"https:\/\/kindora.com\/ro\/expertii-nostri\/\" target=\"_blank\" rel=\"noreferrer noopener\">nutri\u021bioni\u0219tii<\/a> trag un semnal de alarm\u0103. <\/p>\n<\/div>\n<\/div>\n<\/div>\n<\/div>\n\n\n\n<h2 class=\"wp-block-heading has-text-align-left\" id=\"h-cauze-frecvente-ale-cre\u0219terii-in-greutate-la-tineri\">Cauze frecvente ale cre\u0219terii \u00een greutate la tineri<\/h2>\n\n\n\n<div class=\"wp-block-columns is-layout-flex wp-container-core-columns-is-layout-9d6595d7 wp-block-columns-is-layout-flex\">\n<div class=\"wp-block-column is-layout-flow wp-block-column-is-layout-flow\">\n<p>P\u00e2n\u0103 \u00eentr-un anumit punct este normal ca, odat\u0103 cu v\u00e2rsta, pe m\u0103sur\u0103 ce se dezvolt\u0103, copiii s\u0103 \u00eenceap\u0103 s\u0103 ia \u00een greutate. Acest lucru se \u00eent\u00e2mpl\u0103 deoarece ei se afl\u0103 \u00eentr-un continuu proces de cre\u0219tere, iar organismul lor \u00eencepe s\u0103 acumuleze depozite de gr\u0103sime ca s\u0103 se preg\u0103teasc\u0103 de schimb\u0103rile mari prin care o s\u0103 treac\u0103 corpul lor.&nbsp;<\/p>\n\n\n\n<p>\u00centruc\u00e2t fiecare copil \u00een parte este diferit, aceast\u0103 experien\u021b\u0103 transformatoare nu este la fel pentru to\u021bi. La scar\u0103 larg\u0103, prima cre\u0219tere observabil\u0103 \u00een greutate ar trebui s\u0103 apar\u0103 \u00een jurul v\u00e2rstei de 1-3 ani, cu aproximativ&nbsp; 2,5-3 kilograme\/an iar mai apoi la 9-12 ani, c\u00e2nd organismul se preg\u0103te\u0219te de pubertate. \u00cen aceast\u0103 etap\u0103, cre\u0219terea \u00een greutate se poate accelera, \u00een special la fete, \u00eenainte de intrarea \u00een pubertate.&nbsp;<\/p>\n\n\n\n<p>Pubertatea este perioada\u00a0 \u00een\u00a0 care sunt \u0219anse ca mul\u021bi p\u0103rin\u021bi s\u0103 devin\u0103 \u00eengrijora\u021bi \u0219i s\u0103 \u00eenceap\u0103 s\u0103 caute sfaturi pentru o <a href=\"https:\/\/kindora.com\/ro\/diete\/\" target=\"_blank\" rel=\"noreferrer noopener\">diet\u0103 de sl\u0103bit<\/a> copii 12 ani ori alternative de a-\u0219i ajuta copiii s\u0103 piard\u0103 \u00een greutate c\u00e2t mai repede, \u00eenainte ca kilogramele \u00een plus s\u0103 devin\u0103 o problem\u0103, care s\u0103 impun\u0103 riscuri asupra sistemului imunitar \u0219i a s\u0103n\u0103t\u0103\u021bii generale a organismului.<\/p>\n\n\n\n<p>Dar exist\u0103 \u0219i alte cauze ce pot declan\u0219a cre\u0219terea \u00een greutate la copii \u0219i adolescen\u021bi. Dac\u0103 sunt sc\u0103pate de sub control, acestea pot s\u0103 aib\u0103 efecte negative asupra organismului tinerilor, duc\u00e2nd chiar la risc de boli de inim\u0103, diabet de tip 2 \u0219i chiar astm.<\/p>\n\n\n\n<p>Iat\u0103 care sunt motivele pe care ar trebui s\u0103 le ai \u00een vedere pentru copilul t\u0103u:<\/p>\n\n\n\n<h3 class=\"wp-block-heading\" id=\"h-alimenta\u021bie-nesanatoasa\">Alimenta\u021bie nes\u0103n\u0103toas\u0103<\/h3>\n\n\n\n<div class=\"wp-block-columns is-layout-flex wp-container-core-columns-is-layout-9d6595d7 wp-block-columns-is-layout-flex\">\n<div class=\"wp-block-column is-layout-flow wp-block-column-is-layout-flow\">\n<p>Aceasta este v\u00e2rsta c\u00e2nd alimente procesate, \u0219i chiar ultraprocesate \u00eencep s\u0103-\u0219i fac\u0103 loc \u00een diet\u0103. Ne referim la alimente de tip fast-food, semipreparate, ori dulciuri din comer\u021b, care nu doar c\u0103 au un aport caloric mare, dar sunt \u0219i limitate \u00een aportul de <a href=\"https:\/\/kindora.com\/ro\/nutrienti\/\" target=\"_blank\" rel=\"noreferrer noopener\">nutrien\u021bi<\/a>.<\/p>\n<\/div>\n\n\n\n<div class=\"wp-block-column is-layout-flow wp-block-column-is-layout-flow\">\n<p>De altfel, cele mai multe dintre aceste m\u00e2nc\u0103ruri sunt pline de <a href=\"https:\/\/kindora.com\/ro\/totul-despre-zahar\/\" target=\"_blank\" rel=\"noreferrer noopener\">zah\u0103r ad\u0103ugat<\/a>, <a href=\"https:\/\/kindora.com\/ro\/nutrienti\/grasimi\/\" target=\"_blank\" rel=\"noreferrer noopener\">gr\u0103simi nes\u0103n\u0103toase<\/a> \u0219i surplus de sodiu, care, consumate \u00een cantit\u0103\u021bi prea mari,\u00a0 pot chiar s\u0103 produc\u0103 inflama\u021bie,\u00a0 tulbur\u0103ri ale sistemului imunitar \u0219i s\u0103 creasc\u0103 riscul de tensiune arterial\u0103 ridicat\u0103.<\/p>\n<\/div>\n<\/div>\n\n\n\n<p>E bine s\u0103 \u00eencerc\u0103m s\u0103 p\u0103str\u0103m \u00een limite s\u0103n\u0103toase consumul lor, pentru c\u0103, foarte u\u0219or, aceste pofte pot deveni obiceiuri de care te po\u021bi desprinde cu greu, iar\u00a0 riscul este s\u0103 le por\u021bi cu tine \u0219i mai departe, atunci c\u00e2nd devii adult.<\/p>\n\n\n\n<div class=\"wp-block-columns is-layout-flex wp-container-core-columns-is-layout-9d6595d7 wp-block-columns-is-layout-flex\">\n<div class=\"wp-block-column is-layout-flow wp-block-column-is-layout-flow\">\n<h3 class=\"wp-block-heading\" id=\"h-prea-pu\u021bina-activitate-fizica\">Prea pu\u021bin\u0103 activitate fizic\u0103<\/h3>\n\n\n\n<p>Copiii, dar \u0219i adolescen\u021bii, ajung s\u0103 ia \u00een greutate atunci c\u00e2nd consum\u0103 mai multe alimente dec\u00e2t num\u0103rul caloriilor pe care ard.<\/p>\n\n\n\n<p>Speciali\u0219tii recomand\u0103 aproximativ 60 de minute de mi\u0219care de-a lungul zilei pentru copii \u0219i adolescen\u021bi, \u00eens\u0103 foarte mul\u021bi tineri sunt mai degrab\u0103 atra\u0219i de o via\u021b\u0103 inactiv\u0103, petrec\u00e2nd din ce \u00een ce mai mult timp \u00een social media, dec\u00e2t afar\u0103. <\/p>\n\n\n\n<p>Aici poate s\u0103 contribuie inclusiv lipsa de hobby-uri \u0219i, implicit, plictiseala, care poate chiar s\u0103 te fac\u0103 s\u0103 m\u0103n\u00e2nci mai mult dec\u00e2t are nevoie organismul, doar pentru a umple acel timp gol cu o activitate ce provoac\u0103 pl\u0103cere.<\/p>\n<\/div>\n\n\n\n<div class=\"wp-block-column is-layout-flow wp-block-column-is-layout-flow\">\n<figure class=\"wp-block-image size-large is-resized\"><img loading=\"lazy\" decoding=\"async\" width=\"683\" height=\"1024\" src=\"https:\/\/kindora.com\/wp-content\/uploads\/2025\/03\/slabire-copii_lipsa-de-activitate-683x1024.jpg\" alt=\"Imagine de aproape cu o fat\u0103 care st\u0103 cu capul pe caiet \u00een timp ce \u00ee\u0219i face temele\" class=\"wp-image-8503\" style=\"object-fit:cover;width:500px;height:470px\" srcset=\"https:\/\/kindora.com\/wp-content\/uploads\/2025\/03\/slabire-copii_lipsa-de-activitate-683x1024.jpg 683w, https:\/\/kindora.com\/wp-content\/uploads\/2025\/03\/slabire-copii_lipsa-de-activitate-200x300.jpg 200w, https:\/\/kindora.com\/wp-content\/uploads\/2025\/03\/slabire-copii_lipsa-de-activitate-768x1151.jpg 768w, https:\/\/kindora.com\/wp-content\/uploads\/2025\/03\/slabire-copii_lipsa-de-activitate-1025x1536.jpg 1025w, https:\/\/kindora.com\/wp-content\/uploads\/2025\/03\/slabire-copii_lipsa-de-activitate-1366x2048.jpg 1366w, https:\/\/kindora.com\/wp-content\/uploads\/2025\/03\/slabire-copii_lipsa-de-activitate-20x30.jpg 20w, https:\/\/kindora.com\/wp-content\/uploads\/2025\/03\/slabire-copii_lipsa-de-activitate-197x295.jpg 197w, https:\/\/kindora.com\/wp-content\/uploads\/2025\/03\/slabire-copii_lipsa-de-activitate-207x310.jpg 207w, https:\/\/kindora.com\/wp-content\/uploads\/2025\/03\/slabire-copii_lipsa-de-activitate-180x270.jpg 180w, https:\/\/kindora.com\/wp-content\/uploads\/2025\/03\/slabire-copii_lipsa-de-activitate-scaled.jpg 1708w\" sizes=\"auto, (max-width: 683px) 100vw, 683px\" \/><\/figure>\n<\/div>\n<\/div>\n\n\n\n<h3 class=\"wp-block-heading\" id=\"h-factori-genetici\">Factori genetici<\/h3>\n\n\n\n<p>De\u0219i se \u00eent\u00e2mpl\u0103 \u00een cazuri destul de rare, factorii genetici pot \u0219i ei s\u0103 \u00ee\u0219i pun\u0103 amprenta asupra num\u0103rului de kilograme pe care \u00eel are un t\u00e2n\u0103r. Aceste afec\u021biuni se fac vizibile, \u00een general, de la v\u00e2rste fragede \u0219i includ:<\/p>\n\n\n\n<div id=\"block_486c66fd5a84fc160fa9ecee8dc359b5\" class=\"article-number-blocks\" class=\"align wp-block-custom-blocks-article-number-blocks\">\n\t<ol class=\"grid grid-cols-12 gap-4 article-number article-number--green mb-8 lg:mb-12\" role=\"list\">\n\t\t\t\t\t\n\t\t\t<li class=\"col-span-12 lg:col-span-6 mb-1 lg:mb-6 last:mb-0\" role=\"listitem\">\n\t\t\t\t<article class=\"flex flex-col h-full\">\n\t\t\t\t\t<!-- Badge + Title Row -->\n\t\t\t\t\t<div class=\"flex items-center gap-4 mb-4\">\n\t\t\t\t\t\t<!-- Decorative Number Badge -->\n\t\t\t\t\t\t<div\n\t\t\t\t\t\t\tclass=\"w-[30px] h-[30px] bg-custom-primaryLight rounded-md flex items-center justify-center flex-shrink-0\"\n\t\t\t\t\t\t\taria-hidden=\"true\"\n\t\t\t\t\t\t>\n\t\t\t\t\t\t\t<span class=\"text-base font-bold text-custom-primaryDark\">\n\t\t\t\t\t\t\t\t1\t\t\t\t\t\t\t<\/span>\n\t\t\t\t\t\t<\/div>\n\n\t\t\t\t\t\t<!-- Title -->\n\t\t\t\t\t\t\t\t\t\t\t\t\t<p class=\"text-xl font-semibold flex-1\">\n\t\t\t\t\t\t\t\tSindromul Prader-Willi\t\t\t\t\t\t\t<\/p>\n\t\t\t\t\t\t\t\t\t\t\t<\/div>\n\n\t\t\t\t\t<!-- Text Content -->\n\t\t\t\t\t\t\t\t\t\t\t<div class=\"article-number-blocks__content\">\n\t\t\t\t\t\t\t<p><span style=\"font-weight: 400\">afecteaz\u0103 hipotalamusul din creier, perturb\u00e2nd emo\u021biile, somnul, \u0219i duc\u00e2nd la foame necontrolat\u0103;<\/span><\/p>\n\t\t\t\t\t\t<\/div>\n\t\t\t\t\t\t\t\t\t<\/article>\n\t\t\t<\/li>\n\t\t\t\t\t\n\t\t\t<li class=\"col-span-12 lg:col-span-6 mb-1 lg:mb-6 last:mb-0\" role=\"listitem\">\n\t\t\t\t<article class=\"flex flex-col h-full\">\n\t\t\t\t\t<!-- Badge + Title Row -->\n\t\t\t\t\t<div class=\"flex items-center gap-4 mb-4\">\n\t\t\t\t\t\t<!-- Decorative Number Badge -->\n\t\t\t\t\t\t<div\n\t\t\t\t\t\t\tclass=\"w-[30px] h-[30px] bg-custom-primaryLight rounded-md flex items-center justify-center flex-shrink-0\"\n\t\t\t\t\t\t\taria-hidden=\"true\"\n\t\t\t\t\t\t>\n\t\t\t\t\t\t\t<span class=\"text-base font-bold text-custom-primaryDark\">\n\t\t\t\t\t\t\t\t2\t\t\t\t\t\t\t<\/span>\n\t\t\t\t\t\t<\/div>\n\n\t\t\t\t\t\t<!-- Title -->\n\t\t\t\t\t\t\t\t\t\t\t\t\t<p class=\"text-xl font-semibold flex-1\">\n\t\t\t\t\t\t\t\tSindromul Bardet-Biedl\t\t\t\t\t\t\t<\/p>\n\t\t\t\t\t\t\t\t\t\t\t<\/div>\n\n\t\t\t\t\t<!-- Text Content -->\n\t\t\t\t\t\t\t\t\t\t\t<div class=\"article-number-blocks__content\">\n\t\t\t\t\t\t\t<p><span style=\"font-weight: 400\">diagnosticat\u0103 chiar de la na\u0219tere, aceast\u0103 tulburare genetic\u0103 rar\u0103\u00a0 poate afecta vederea, rinichii \u0219i poate contribui la cre\u0219terea \u00een greutate;<\/span><\/p>\n\t\t\t\t\t\t<\/div>\n\t\t\t\t\t\t\t\t\t<\/article>\n\t\t\t<\/li>\n\t\t\t\t\t\n\t\t\t<li class=\"col-span-12 lg:col-span-6 mb-1 lg:mb-6 last:mb-0\" role=\"listitem\">\n\t\t\t\t<article class=\"flex flex-col h-full\">\n\t\t\t\t\t<!-- Badge + Title Row -->\n\t\t\t\t\t<div class=\"flex items-center gap-4 mb-4\">\n\t\t\t\t\t\t<!-- Decorative Number Badge -->\n\t\t\t\t\t\t<div\n\t\t\t\t\t\t\tclass=\"w-[30px] h-[30px] bg-custom-primaryLight rounded-md flex items-center justify-center flex-shrink-0\"\n\t\t\t\t\t\t\taria-hidden=\"true\"\n\t\t\t\t\t\t>\n\t\t\t\t\t\t\t<span class=\"text-base font-bold text-custom-primaryDark\">\n\t\t\t\t\t\t\t\t3\t\t\t\t\t\t\t<\/span>\n\t\t\t\t\t\t<\/div>\n\n\t\t\t\t\t\t<!-- Title -->\n\t\t\t\t\t\t\t\t\t\t\t\t\t<p class=\"text-xl font-semibold flex-1\">\n\t\t\t\t\t\t\t\tSindromul Alstrom\t\t\t\t\t\t\t<\/p>\n\t\t\t\t\t\t\t\t\t\t\t<\/div>\n\n\t\t\t\t\t<!-- Text Content -->\n\t\t\t\t\t\t\t\t\t\t\t<div class=\"article-number-blocks__content\">\n\t\t\t\t\t\t\t<p><span style=\"font-weight: 400\">aceast\u0103 boal\u0103 cardiac\u0103 poate m\u0103ri \u0219i sl\u0103bi mu\u0219chii inimii, duc\u00e2nd adesea la obezitate \u0219i diabet;<\/span><\/p>\n\t\t\t\t\t\t<\/div>\n\t\t\t\t\t\t\t\t\t<\/article>\n\t\t\t<\/li>\n\t\t\t\t\t\n\t\t\t<li class=\"col-span-12 lg:col-span-6 mb-1 lg:mb-6 last:mb-0\" role=\"listitem\">\n\t\t\t\t<article class=\"flex flex-col h-full\">\n\t\t\t\t\t<!-- Badge + Title Row -->\n\t\t\t\t\t<div class=\"flex items-center gap-4 mb-4\">\n\t\t\t\t\t\t<!-- Decorative Number Badge -->\n\t\t\t\t\t\t<div\n\t\t\t\t\t\t\tclass=\"w-[30px] h-[30px] bg-custom-primaryLight rounded-md flex items-center justify-center flex-shrink-0\"\n\t\t\t\t\t\t\taria-hidden=\"true\"\n\t\t\t\t\t\t>\n\t\t\t\t\t\t\t<span class=\"text-base font-bold text-custom-primaryDark\">\n\t\t\t\t\t\t\t\t4\t\t\t\t\t\t\t<\/span>\n\t\t\t\t\t\t<\/div>\n\n\t\t\t\t\t\t<!-- Title -->\n\t\t\t\t\t\t\t\t\t\t\t\t\t<p class=\"text-xl font-semibold flex-1\">\n\t\t\t\t\t\t\t\tHipotiroidismul congenital\t\t\t\t\t\t\t<\/p>\n\t\t\t\t\t\t\t\t\t\t\t<\/div>\n\n\t\t\t\t\t<!-- Text Content -->\n\t\t\t\t\t\t\t\t\t\t\t<div class=\"article-number-blocks__content\">\n\t\t\t\t\t\t\t<p><span style=\"font-weight: 400\">afecteaz\u0103 sugarii \u0219i perturb\u0103 func\u021bia tiroidian\u0103, ceea ce poate duce la \u00eengr\u0103\u0219are;<\/span><\/p>\n\t\t\t\t\t\t<\/div>\n\t\t\t\t\t\t\t\t\t<\/article>\n\t\t\t<\/li>\n\t\t\t\t\t\n\t\t\t<li class=\"col-span-12 lg:col-span-6 mb-1 lg:mb-6 last:mb-0\" role=\"listitem\">\n\t\t\t\t<article class=\"flex flex-col h-full\">\n\t\t\t\t\t<!-- Badge + Title Row -->\n\t\t\t\t\t<div class=\"flex items-center gap-4 mb-4\">\n\t\t\t\t\t\t<!-- Decorative Number Badge -->\n\t\t\t\t\t\t<div\n\t\t\t\t\t\t\tclass=\"w-[30px] h-[30px] bg-custom-primaryLight rounded-md flex items-center justify-center flex-shrink-0\"\n\t\t\t\t\t\t\taria-hidden=\"true\"\n\t\t\t\t\t\t>\n\t\t\t\t\t\t\t<span class=\"text-base font-bold text-custom-primaryDark\">\n\t\t\t\t\t\t\t\t5\t\t\t\t\t\t\t<\/span>\n\t\t\t\t\t\t<\/div>\n\n\t\t\t\t\t\t<!-- Title -->\n\t\t\t\t\t\t\t\t\t\t\t\t\t<p class=\"text-xl font-semibold flex-1\">\n\t\t\t\t\t\t\t\tSindromul Cohen\t\t\t\t\t\t\t<\/p>\n\t\t\t\t\t\t\t\t\t\t\t<\/div>\n\n\t\t\t\t\t<!-- Text Content -->\n\t\t\t\t\t\t\t\t\t\t\t<div class=\"article-number-blocks__content\">\n\t\t\t\t\t\t\t<p>aceast\u0103 tulburare mo\u0219tenit\u0103 poate provoca dizabilit\u0103\u021bi intelectuale, \u00eent\u00e2rzieri \u00een dezvoltare \u0219i tonus muscular slab, limit\u00e2nd mi\u0219carea \u0219i implicit cresc\u00e2nd \u0219ansele unui surplus de kilograme.<\/p>\n\t\t\t\t\t\t<\/div>\n\t\t\t\t\t\t\t\t\t<\/article>\n\t\t\t<\/li>\n\t\t\t<\/ol>\n<\/div>\n\n\n<p>\u00cen plus, un copil este mai predispus la cre\u0219teri \u00een greutate dac\u0103 istoricul familiei arat\u0103 cazuri de supraponderalitate.<\/p>\n\n\n\n<p>De asemenea, este important de men\u021bionat c\u0103 nu to\u021bi adolescen\u021bii\u00a0 cu o greutate corporal\u0103 mai mare au \u0219i gr\u0103sime \u00een exces.\u00a0De multe ori este important\u0103 \u0219i analiza compozi\u021biei corporale care poate reflecta o mas\u0103 muscular\u0103 mai bine reprezentat\u0103, f\u0103r\u0103 un procent de gr\u0103sime crescut peste valorile optime.<\/p>\n\n\n\n<h3 class=\"wp-block-heading\" id=\"h-factori-sociali\">Factori sociali<\/h3>\n\n\n\n<p>Una dintre activit\u0103\u021bile preferate ale tinerilor este s\u0103 ias\u0103 cu grupul de prieteni. Adesea multe dintre aceste ie\u0219iri se concretizeaz\u0103 \u00een alegeri alimentare mai pu\u021bin fericite: Fast Food, b\u0103uturi carbogazoase, produse de patiserie. De\u0219i nes\u0103n\u0103toase, ele sunt op\u021biuni accesibile pentru tineri.<\/p>\n\n\n\n<p>Chiar dac\u0103 poate, la \u00eenceput, nu e\u0219ti adeptul lor, este foarte u\u0219or s\u0103 fii atras de ele c\u00e2nd to\u021bi cei din jurul t\u0103u le consum\u0103, iar, u\u0219or u\u0219or, ele risc\u0103 s\u0103 se transforme \u00eentr-o pl\u0103cere constant\u0103, \u00een loc s\u0103 r\u0103m\u00e2n\u0103 o poft\u0103 ocazional\u0103.<\/p>\n\n\n\n<p>La fel de influent\u0103 din acest punct de vedere poate fi \u0219i familia.&nbsp;<\/p>\n\n\n\n<p>De foarte multe ori p\u0103rin\u021bii au tendin\u021ba de a-\u0219i ar\u0103ta iubirea prin m\u00e2ncare: por\u021bii mari, care dep\u0103\u0219esc num\u0103rul de calorii necesare \u0219i chiar insisten\u021be \u00een a termina tot din farfurie.<\/p>\n\n\n\n<p>Mai mult dec\u00e2t at\u00e2t, uneori, ca p\u0103rinte, poate s\u0103 fie dificil s\u0103 g\u0103se\u0219ti timp pentru g\u0103tit. S\u0103-\u021bi comanzi constant m\u00e2ncare g\u0103tit\u0103 poate s\u0103 fie mult prea costisitor, de aceea de multe ori recurgem la semipreparate. Consumul acestora nu trebuie s\u0103 predomine \u00een dieta noastr\u0103, c\u0103ci con\u021bin mai multe ingrediente nocive dec\u00e2t s\u0103n\u0103toase, ceea ce poate perturba organismul \u0219i s\u0103 duc\u0103 la cre\u0219teri \u00een greutate.<\/p>\n\n\n\n<h2 class=\"wp-block-heading\" id=\"h-beneficii-slabire-copii-\u0219i-adolescen\u021bi\">Beneficii sl\u0103bire copii \u0219i adolescen\u021bi<\/h2>\n\n\n\n<p>Un t\u00e2n\u0103r supraponderal risc\u0103 s\u0103 se confrunte cu afec\u021biuni, precum:\u00a0<\/p>\n\n\n\n<div class=\"wp-block-columns is-layout-flex wp-container-core-columns-is-layout-9d6595d7 wp-block-columns-is-layout-flex\">\n<div class=\"wp-block-column is-layout-flow wp-block-column-is-layout-flow\">\n<figure class=\"wp-block-image size-large\"><img loading=\"lazy\" decoding=\"async\" width=\"1024\" height=\"682\" src=\"https:\/\/kindora.com\/wp-content\/uploads\/2025\/03\/slabire-copii-si-adolescenti_impact-social-1024x682.jpg\" alt=\"Imagine din fa\u021b\u0103 cu o adolescent\u0103 spijinit\u0103 de perete, care se simte izolat\u0103 de colegii ei. \u00cen spate, alte 2 fete vorbesc f\u0103r\u0103 s\u0103 o includ\u0103 \u00een discu\u021bie.\" class=\"wp-image-8505\" srcset=\"https:\/\/kindora.com\/wp-content\/uploads\/2025\/03\/slabire-copii-si-adolescenti_impact-social-1024x682.jpg 1024w, https:\/\/kindora.com\/wp-content\/uploads\/2025\/03\/slabire-copii-si-adolescenti_impact-social-300x200.jpg 300w, https:\/\/kindora.com\/wp-content\/uploads\/2025\/03\/slabire-copii-si-adolescenti_impact-social-768x512.jpg 768w, https:\/\/kindora.com\/wp-content\/uploads\/2025\/03\/slabire-copii-si-adolescenti_impact-social-1536x1024.jpg 1536w, https:\/\/kindora.com\/wp-content\/uploads\/2025\/03\/slabire-copii-si-adolescenti_impact-social-30x20.jpg 30w, https:\/\/kindora.com\/wp-content\/uploads\/2025\/03\/slabire-copii-si-adolescenti_impact-social-360x240.jpg 360w, https:\/\/kindora.com\/wp-content\/uploads\/2025\/03\/slabire-copii-si-adolescenti_impact-social-265x177.jpg 265w, https:\/\/kindora.com\/wp-content\/uploads\/2025\/03\/slabire-copii-si-adolescenti_impact-social-405x270.jpg 405w, https:\/\/kindora.com\/wp-content\/uploads\/2025\/03\/slabire-copii-si-adolescenti_impact-social.jpg 2000w\" sizes=\"auto, (max-width: 1024px) 100vw, 1024px\" \/><\/figure>\n<\/div>\n\n\n\n<div class=\"wp-block-column is-layout-flow wp-block-column-is-layout-flow\">\n<p>&#8211; probleme de respira\u021bie;<\/p>\n\n\n\n<p>&#8211; dureri articulare;<\/p>\n\n\n\n<p>&#8211; tensiune arterial\u0103 crescut\u0103 \u0219i chiar boli de inim\u0103;<\/p>\n\n\n\n<p>&#8211; colesterol ridicat;<\/p>\n\n\n\n<p>&#8211; boala ficatului gras non-alcoolic;<\/p>\n\n\n\n<p>&#8211; diabet de tip 2.<\/p>\n<\/div>\n<\/div>\n\n\n\n<p>Poate nu la fel de evidente sunt \u0219i consecin\u021bele pe plan emo\u021bional, care pot s\u0103 duc\u0103 la tachin\u0103ri \u0219i chiar bullying, afect\u00e2nd bun\u0103starea mental\u0103. Aceast\u0103 stare de vulnerabilitate, \u00eembinat\u0103 cu stresul pierderii \u00een greutate, poate cre\u0219te riscul unor tulbur\u0103ri interioare care s\u0103 afecteze s\u0103n\u0103tatea mental\u0103, cum ar fi stima de sine sc\u0103zut\u0103, depresia \u0219i chiar tulbur\u0103ri de alimenta\u021bie.<\/p>\n\n\n\n<p>Din fericire, multe dintre aceste riscuri pot fi risipite dac\u0103 cel mic este sus\u021binut \u0219i \u00eencurajat s\u0103 sl\u0103beasc\u0103 s\u0103n\u0103tos pentru beneficii de termen lung, cum ar fi:<\/p>\n\n\n\n<figure class=\"wp-block-table\"><table class=\"has-text-color has-background has-link-color has-fixed-layout\" style=\"color:#637a06;background-color:#fafeeb\"><tbody><tr><td><strong>\u00cembun\u0103t\u0103\u021birea s\u0103n\u0103t\u0103\u021bii fizice \u0219i reducerea riscului de boli. <\/strong>O greutate optim\u0103 asociat\u0103 cu mi\u0219care fizic\u0103 zilnic\u0103 \u0219i o schem\u0103 alimentar\u0103 c\u00e2t mai diversificat\u0103, bogat\u0103 \u00een vitamine \u0219i minerale, sus\u021bine bun\u0103starea organismului \u0219i reprezint\u0103 totodat\u0103\u00a0 un risc sc\u0103zut de a dezvolta diverse afec\u021biuni medicale conexe obezit\u0103\u021bii \u0219i nu numai &#8211; de la diabet, boli cardiovasculare \u0219i chiar cancer, \u00een situa\u021biile grave.<\/td><\/tr><tr><td><strong>Cre\u0219terea energiei \u0219i a nivelului de activitate fizic\u0103<\/strong>. Cu c\u00e2t ai o greutate mai potrivit\u0103 \u00een\u0103l\u021bimii tale , \u0219i un organism mai s\u0103n\u0103tos, cu at\u00e2t cre\u0219te nivelul de energie \u0219i dorin\u021ba de a ie\u0219i afar\u0103 \u0219i de a face mi\u0219care. Acest lucru poate fi declan\u0219at \u0219i pe fondul unei diete diversificate, \u00eentruc\u00e2t un aport mai mare de nutrien\u021bi aduce mai mult\u0103 energie \u00een organism.<\/td><\/tr><tr><td><strong>Impact pozitiv asupra stimei de sine \u0219i a s\u0103n\u0103t\u0103\u021bii mentale<\/strong>. C\u00e2nd \u00eencepi s\u0103 vezi rezultate \u00een procesul de sl\u0103bire, te sim\u021bi din ce \u00een ce mai motivat s\u0103 continui pe drumul pe care tocmai l-ai \u00eenceput. Odat\u0103 ce te sim\u021bi mai bine \u00een pielea ta, cape\u021bi mai mult\u0103 \u00eencredere de a te expune \u0219i a socializa. \u00cen plus, dob\u00e2nde\u0219ti un sentiment de control asupra propriului corp, ceea ce aduce o satisfac\u021bie personal\u0103, \u00eembun\u0103t\u0103\u021bind starea de spirit.<\/td><\/tr><\/tbody><\/table><\/figure>\n\n\n\n<p><\/p>\n\n\n\n<h2 class=\"wp-block-heading\" id=\"h-recomandarile-nutri\u021bioni\u0219tilor-pentru-slabire-copii-\u0219i-adolescen\u021bi\">Recomand\u0103rile nutri\u021bioni\u0219tilor pentru sl\u0103bire copii \u0219i adolescen\u021bi<\/h2>\n\n\n\n<p>Dac\u0103 mi\u0219carea fizic\u0103 reprezint\u0103 cheia \u00een procesul de sl\u0103bire al copiilor \u0219i adolescen\u021bilor, o alimenta\u021bie s\u0103n\u0103toas\u0103 este \u0219i ea cel pu\u021bin la fel de important\u0103 \u0219i nu ar trebui trecut\u0103 u\u0219or cu vederea.<\/p>\n\n\n\n<p>Problema primar\u0103 cu sl\u0103birea \u00een cazul copiilor \u0219i adolescen\u021bilor st\u0103 \u00een calitatea alimentelor pe care ace\u0219tia le consum\u0103.<\/p>\n\n\n\n<p>C\u00e2nd vorbim de copil\u0103rie \u0219i adolescen\u021b\u0103, ne referim la o v\u00e2rst\u0103 crucial\u0103 \u00een care organismul se dezvolt\u0103 \u0219i are nevoie de to\u021bi nutrien\u021bii pe care \u0219i-i poate procura dintr-o diet\u0103 variat\u0103 pentru a permite corpului s\u0103 se dezvolte armonios.<\/p>\n\n\n\n<p>M\u00e2ncarea este sursa noastr\u0103 primar\u0103 de energie \u0219i avem nevoie de ea pentru a cre\u0219te \u0219i a ne dezvolta. Cel mai important este s\u0103 \u00ee\u021bi \u00eencarci corpul cu energie din nutrien\u021bi, iar calea optim\u0103 de a o ob\u021bine st\u0103 \u00eentr-o diet\u0103 variat\u0103, bogat\u0103 \u00een vitamine, minerale, fibre, proteine slabe, dar \u0219i <a href=\"https:\/\/kindora.com\/ro\/nutrienti\/carbohidrati\/\" target=\"_blank\" rel=\"noreferrer noopener\">carbohidra\u021bi complec\u0219i<\/a> \u0219i gr\u0103simi s\u0103n\u0103toase.<\/p>\n\n\n\n<p>O cur\u0103 de sl\u0103bire pentru copii nu ar trebui s\u0103 fie cu mult mai diferit\u0103 fa\u021b\u0103 de alimenta\u021bia pe care cel mic ar trebui s\u0103 o aib\u0103 \u00een mod normal, iar prin asta ne referim la:<\/p>\n\n\n\n<h3 class=\"wp-block-heading\" id=\"h-importan\u021ba-consumului-regulat-de-fructe-\u0219i-legume\">Importan\u021ba consumului regulat de fructe \u0219i legume<\/h3>\n\n\n\n<p>C\u00e2\u021bi dintre noi nu am crescut cu insisten\u021ba p\u0103rin\u021bilor de a ne m\u00e2nca fructele \u0219i legumele? Adev\u0103rul e c\u0103 aceste alimente sunt s\u0103n\u0103toase, fiind pline de nutrien\u021bi \u0219i <a href=\"https:\/\/kindora.com\/ro\/nutrienti\/antioxidanti\/\" target=\"_blank\" rel=\"noreferrer noopener\">antioxidan\u021bi<\/a>, care \u00eent\u0103resc func\u021biile vitale ale organismului, f\u0103c\u00e2ndu-l mai puternic \u00een fa\u021ba pericolului de a dezvolta boli cronice.<\/p>\n\n\n\n<p>At\u00e2t fructele, c\u00e2t \u0219i legumele, sunt resurse valoroase de fibre, care te vor men\u021bine plin mai mult timp, \u00eent\u00e2rziind apari\u021bia sentimentului de foame. Pe termen lung, acest lucru poate s\u0103 scad\u0103 aportul de calorii dintr-o zi, facilit\u00e2nd pierderea \u00een greutate.<\/p>\n\n\n\n<p>Mai mult dec\u00e2t at\u00e2t, aceste alimente sus\u021bin \u0219i aparatul cognitiv,&nbsp; \u00eembun\u0103t\u0103\u021bind memoria \u0219i capacitatea de a \u00een\u021belege informa\u021bia \u0219i de a face asocieri, ceea ce poate ajuta tinerii s\u0103 aib\u0103 rezultate mai bune la \u0219coal\u0103.&nbsp;Acestea sunt acele alimente care trebuie s\u0103 se reg\u0103seasc\u0103 at\u00e2t \u00eentr-un meniu de sl\u0103bit pentru copii, dar \u0219i de men\u021binere a unei alimenta\u021bii s\u0103n\u0103toase pentru o greutate optim\u0103.<\/p>\n\n\n\n<h3 class=\"wp-block-heading\" id=\"h-cereale-integrale-vs-zahar-\u0219i-grasimi-nesanatoase\">Cereale integrale vs zah\u0103r \u0219i gr\u0103simi nes\u0103n\u0103toase<\/h3>\n\n\n\n<div class=\"wp-block-columns is-layout-flex wp-container-core-columns-is-layout-9d6595d7 wp-block-columns-is-layout-flex\">\n<div class=\"wp-block-column is-layout-flow wp-block-column-is-layout-flow\">\n<p>Dac\u0103 vrei s\u0103 sl\u0103be\u0219ti sau pur \u0219i simplu s\u0103 ai un regim alimentar s\u0103n\u0103tos, o alternativ\u0103 optim\u0103 ar fi s\u0103 consumi carbohidra\u021bi complec\u0219i, adic\u0103 produse din cereale integrale, \u00een locul celor din f\u0103in\u0103 alb\u0103.&nbsp;<\/p>\n\n\n\n<p>Cerealele integrale con\u021bin un \u00eenveli\u0219 bogat \u00een&nbsp; fibre \u0219i nutrien\u021bi importan\u021bi. Ace\u0219tia sunt sustra\u0219i din alimentele procesate, l\u0103s\u00e2nd \u00een urm\u0103 zah\u0103rul, care consumat \u00een exces poate s\u0103 duc\u0103 nu doar la kilograme nedorite \u00een plus, dar chiar \u0219i la gr\u0103sime visceral\u0103. Ea se refer\u0103 la depuneri de gr\u0103sime pe organe, care pot s\u0103 afecteze s\u0103n\u0103tatea organismului, fiind un poten\u021bial declan\u0219ator&nbsp; pentru multiple afec\u021biuni cardiovasculare.<\/p>\n<\/div>\n\n\n\n<div class=\"wp-block-column is-layout-flow wp-block-column-is-layout-flow\">\n<p>La fel de nocive \u00een acest sens sunt \u0219i gr\u0103simile trans ori cele saturate, pe care le vom g\u0103si cu prec\u0103dere \u00een alimentele procesate \u0219i ultraprocesate, dar \u0219i \u00een multe proteine animale, cum ar fi carnea gras\u0103.<\/p>\n\n\n\n<p>Un alt beneficiu adus de cerealele integrale este c\u0103 au un con\u021binut mare de fibre. Acestea sunt foarte s\u0103n\u0103toase pentru tranzitul intestinal, iar pe l\u00e2ng\u0103 asta, au \u0219i alte beneficii care sus\u021bin o greutate optim\u0103. <\/p>\n\n\n\n<p><a href=\"https:\/\/kindora.com\/ro\/totul-despre-fibre\/\" target=\"_blank\" rel=\"noreferrer noopener\">Fibrele<\/a> nu doar c\u0103 \u00eencetinesc absorb\u021bia zah\u0103rului \u00een s\u00e2nge, dar confer\u0103 \u0219i o senza\u021bie de sa\u021bietate pe o durat\u0103 mai lung\u0103 de timp.<\/p>\n<\/div>\n<\/div>\n\n\n\n<h3 class=\"wp-block-heading\" id=\"h-sugestii-de-alte-alimente-sanatoase-pentru-regim-slabit-copii-\u0219i-men\u021binere-greutate\">Sugestii de alte alimente s\u0103n\u0103toase pentru regim sl\u0103bit copii \u0219i men\u021binere greutate<\/h3>\n\n\n\n<div class=\"wp-block-columns is-layout-flex wp-container-core-columns-is-layout-9d6595d7 wp-block-columns-is-layout-flex\">\n<div class=\"wp-block-column is-layout-flow wp-block-column-is-layout-flow\">\n<p><strong>Ou\u0103<\/strong>: oul este considerat un complex de minerale valoros, care \u00eent\u0103re\u0219te organismul cu surse de protein\u0103, <a href=\"https:\/\/kindora.com\/ro\/nutrienti\/vitamina-d\/\" target=\"_blank\" rel=\"noreferrer noopener\">vitamina D<\/a>, B12, fier \u0219i chiar Omega-3, cunoscut pentru impactul pozitiv asupra dezvolt\u0103rii cognitive a copiilor;<\/p>\n<\/div>\n\n\n\n<div class=\"wp-block-column is-layout-flow wp-block-column-is-layout-flow\">\n<p><strong>Cartof dulce<\/strong>: un aport de beta caroten, folosit pentru\u00a0 sinteza vitaminei A, fibre \u0219i potasiu, este adus prin consumul acestui aliment dulce \u0219i u\u0219or de integrat \u00een numeroase re\u021bete;<\/p>\n<\/div>\n<\/div>\n\n\n\n<div class=\"wp-block-columns is-layout-flex wp-container-core-columns-is-layout-9d6595d7 wp-block-columns-is-layout-flex\">\n<div class=\"wp-block-column is-layout-flow wp-block-column-is-layout-flow\">\n<p><strong>Iaurt<\/strong>: pentru probiotice, proteine \u0219i numeroase vitamine \u0219i minerale;<\/p>\n\n\n\n<p><strong>Avocado<\/strong>: pe l\u00e2ng\u0103 resursele valoroase de nutrien\u021bi, avocado ofer\u0103 \u0219i gr\u0103simi s\u0103n\u0103toase, importante pentru consumul zilnic;<\/p>\n\n\n\n<p><strong>Lapte<\/strong>: pentru <a href=\"https:\/\/kindora.com\/ro\/nutrienti\/calciul\/\" target=\"_blank\" rel=\"noreferrer noopener\">calciu<\/a> \u0219i vitamina D, care ajut\u0103 la \u00eent\u0103rirea oaselor, dar \u0219i pentru un aport s\u0103n\u0103tos de protein\u0103, fosfor, vitamina B12 \u0219i potasiu;<\/p>\n\n\n\n<p><strong>Fasole<\/strong>: fie c\u0103 vorbim de fasole neagr\u0103 sau ro\u0219ie, fasolea este o surs\u0103 benefic\u0103 de protein\u0103 vegetal\u0103 \u0219i fibre naturale;<\/p>\n\n\n\n<p><strong>Nuci \u0219i semin\u021be<\/strong>: pentru gr\u0103simi s\u0103n\u0103toase, al\u0103turi de multiple vitamine \u0219i minerale, plus acizi gra\u0219i\u00a0 Omega-6.<\/p>\n<\/div>\n\n\n\n<div class=\"wp-block-column is-layout-flow wp-block-column-is-layout-flow\">\n<figure class=\"wp-block-image size-large is-resized\"><img loading=\"lazy\" decoding=\"async\" width=\"683\" height=\"1024\" src=\"https:\/\/kindora.com\/wp-content\/uploads\/2025\/03\/slabire-pentru-copii-683x1024.jpg\" alt=\"Imagine de aproape cu un bol cu nuci, semin\u021be \u0219i fructe \u00een m\u00e2inile unui copil\" class=\"wp-image-8507\" style=\"object-fit:cover;width:500px;height:450px\" srcset=\"https:\/\/kindora.com\/wp-content\/uploads\/2025\/03\/slabire-pentru-copii-683x1024.jpg 683w, https:\/\/kindora.com\/wp-content\/uploads\/2025\/03\/slabire-pentru-copii-200x300.jpg 200w, https:\/\/kindora.com\/wp-content\/uploads\/2025\/03\/slabire-pentru-copii-768x1151.jpg 768w, https:\/\/kindora.com\/wp-content\/uploads\/2025\/03\/slabire-pentru-copii-1025x1536.jpg 1025w, https:\/\/kindora.com\/wp-content\/uploads\/2025\/03\/slabire-pentru-copii-1367x2048.jpg 1367w, https:\/\/kindora.com\/wp-content\/uploads\/2025\/03\/slabire-pentru-copii-20x30.jpg 20w, https:\/\/kindora.com\/wp-content\/uploads\/2025\/03\/slabire-pentru-copii-197x295.jpg 197w, https:\/\/kindora.com\/wp-content\/uploads\/2025\/03\/slabire-pentru-copii-207x310.jpg 207w, https:\/\/kindora.com\/wp-content\/uploads\/2025\/03\/slabire-pentru-copii-180x270.jpg 180w, https:\/\/kindora.com\/wp-content\/uploads\/2025\/03\/slabire-pentru-copii-scaled.jpg 1709w\" sizes=\"auto, (max-width: 683px) 100vw, 683px\" \/><\/figure>\n<\/div>\n<\/div>\n\n\n\n<h2 class=\"wp-block-heading\" id=\"h-activitatea-fizica-in-procesul-de-slabire-copii-\u0219i-adolescen\u021bi\">Activitatea fizic\u0103 \u00een procesul de sl\u0103bire copii \u0219i adolescen\u021bi<\/h2>\n\n\n\n<p>Se spune c\u0103 orice tip de mi\u0219care fizic\u0103 este mult mai s\u0103n\u0103toas\u0103 pentru organism dec\u00e2t o via\u021b\u0103 inactiv\u0103.<\/p>\n\n\n\n<p>Sportul este de o real\u0103 importan\u021b\u0103 \u00een orice etap\u0103 a vie\u021bii. Pentru tineri, mai ales, el reprezint\u0103 una dintre cele mai sustenabile \u0219i s\u0103n\u0103toase metode de a combate kilogramele \u00een plus, dar, \u00een acela\u0219i timp, el aduce \u0219i mai multe beneficii asupra organismului:<\/p>\n\n\n\n<p>&#8211; sus\u021bine sistemul imunitar;<\/p>\n\n\n\n<p>&#8211; minimalizeaz\u0103 \u0219ansele de a dezvolta multe probleme de s\u0103n\u0103tate, inclusiv obezitate, diabet \u0219i boli de inim\u0103;<\/p>\n\n\n\n<p>&#8211; \u00eent\u0103re\u0219te oasele \u0219i mu\u0219chii;<\/p>\n\n\n\n<p>&#8211; ajut\u0103 nu doar la atingerea, dar \u0219i la men\u021binerea unei greut\u0103\u021bi s\u0103n\u0103toase;<\/p>\n\n\n\n<p>&#8211; \u00eembun\u0103t\u0103\u021be\u0219te g\u00e2ndirea, memoria \u0219i dispozi\u021bia, facilit\u00e2nd performan\u021bele \u0219colare.<\/p>\n<\/div>\n<\/div>\n\n\n\n<h3 class=\"wp-block-heading has-text-align-left\" id=\"h-tipuri-de-activita\u021bi-fizice-potrivite-pentru-slabire-copii-\u0219i-adolescen\u021bi\">Tipuri de activit\u0103\u021bi fizice potrivite pentru sl\u0103bire copii \u0219i adolescen\u021bi<\/h3>\n\n\n\n<p>Sportul ar trebui s\u0103 fac\u0103 parte din via\u021b\u0103 noastr\u0103 la orice v\u00e2rst\u0103, dar mai ales pentru tineri, el poate reprezenta cheia \u00een procesul de sl\u0103bire, dar \u0219i de men\u021binere a unei greut\u0103\u021bi optime.<\/p>\n\n\n\n<p><\/p>\n\n\n\n<p>Pentru copiii p\u00e2n\u0103 la 5 ani, se recomand\u0103 mi\u0219care \u00een decursul \u00eentregii zile, prin joac\u0103 \u0219i activit\u0103\u021bi cu p\u0103rin\u021bii sau al\u021bi copii, pentru a cre\u0219te \u0219i a se dezvolta armonios.<\/p>\n\n\n\n<p><\/p>\n\n\n\n<p>Pentru cei mai mari, de la 6 la 18 ani, speciali\u0219tii recomand\u0103 m\u0103car o or\u0103 \u00een fiecare zi de activit\u0103\u021bi fizice \u0219i exerci\u021bii de sl\u0103bit pentru copii \u0219i adolescen\u021bi, precum:<\/p>\n\n\n\n<p><\/p>\n\n\n\n<figure class=\"wp-block-table\"><table class=\"has-text-color has-background has-link-color has-fixed-layout\" style=\"color:#d50707;background-color:#ffe7e7\"><tbody><tr><td>&#8211; <strong>activit\u0103\u021bi aerobice<\/strong>: alergat, cum ar fi jogging, mers cu bicicleta, cursuri de dans ori multe alte activit\u0103\u021bi care pot ridica ritmul cardiac;<\/td><\/tr><tr><td>&#8211; <strong>activit\u0103\u021bi ce vizeaz\u0103 \u00eent\u0103rirea mu\u0219chilor<\/strong>: alpinism, flot\u0103ri, mers cu role;<\/td><\/tr><tr><td><strong>&#8211; activit\u0103\u021bi care ajut\u0103 la \u00eent\u0103rirea oaselor<\/strong>: s\u0103rituri cu coarda, baschet \u0219i alte activit\u0103\u021bi care ajut\u0103 la construirea oaselor puternice;<\/td><\/tr><\/tbody><\/table><\/figure>\n\n\n\n<p><\/p>\n\n\n\n<p>Dac\u0103 celui mic \u00eei sur\u00e2de ideea, s\u0103 \u0219tii c\u0103 exist\u0103 \u0219i alternativa de tab\u0103r\u0103 de sl\u0103bit copii, \u00een care copilul t\u0103u poate s\u0103 ia parte zilnic la activit\u0103\u021bi croite nevoilor sale fizice, distr\u00e2ndu-se \u00een acela\u0219i timp cu al\u021bi copii de v\u00e2rsta sa.<\/p>\n\n\n\n<p><\/p>\n\n\n\n<h3 class=\"wp-block-heading\" id=\"h-cum-sa-integrezi-activitatea-fizica-in-rutina-zilnica\">Cum s\u0103 integrezi activitatea fizic\u0103 \u00een rutina zilnic\u0103<\/h3>\n\n\n\n<div class=\"wp-block-columns is-layout-flex wp-container-core-columns-is-layout-9d6595d7 wp-block-columns-is-layout-flex\">\n<div class=\"wp-block-column is-layout-flow wp-block-column-is-layout-flow\">\n<p>\u00cencepe cu 15-20 de minute de exerci\u021bii pe zi, apoi cre\u0219te gradual intensitatea \u0219i durata exerci\u021biilor. Important este s\u0103-\u021bi mi\u0219ti corpul c\u00e2t mai des, \u0219i o po\u021bi face \u0219i prin activit\u0103\u021bi normale, pe care s\u0103 le integrezi cu u\u0219urin\u021b\u0103 \u00een orice moment al zilei:<\/p>\n\n\n\n<p>&#8211; cur\u0103\u021benie \u00een cas\u0103;<\/p>\n\n\n\n<p>&#8211; ie\u0219i \u00een parc cu prietenii;<\/p>\n\n\n\n<p>&#8211; mersul pe jos p\u00e2n\u0103 la \u0219coal\u0103 sau acas\u0103, ori cu bicicleta;<\/p>\n\n\n\n<p>&#8211; tenis, badminton sau fotbal cu prietenii;<\/p>\n\n\n\n<p>&#8211; al\u0103tur\u0103-te unei echipe sportive;<\/p>\n\n\n\n<p>&#8211; ie\u0219i la plimbare cu c\u00e2inele;<\/p>\n<\/div>\n\n\n\n<div class=\"wp-block-column is-layout-flow wp-block-column-is-layout-flow\">\n<figure class=\"wp-block-image size-large is-resized\"><img loading=\"lazy\" decoding=\"async\" width=\"682\" height=\"1024\" src=\"https:\/\/kindora.com\/wp-content\/uploads\/2025\/03\/slabire-copii_importanta-sportului-682x1024.jpg\" alt=\"Imagine din fa\u021b\u0103 cu 3 copii care se joac\u0103 \u00eempreun\u0103 cu mingea\" class=\"wp-image-8509\" style=\"object-fit:cover;width:500px;height:500px\" srcset=\"https:\/\/kindora.com\/wp-content\/uploads\/2025\/03\/slabire-copii_importanta-sportului-682x1024.jpg 682w, https:\/\/kindora.com\/wp-content\/uploads\/2025\/03\/slabire-copii_importanta-sportului-200x300.jpg 200w, https:\/\/kindora.com\/wp-content\/uploads\/2025\/03\/slabire-copii_importanta-sportului-768x1152.jpg 768w, https:\/\/kindora.com\/wp-content\/uploads\/2025\/03\/slabire-copii_importanta-sportului-1024x1536.jpg 1024w, https:\/\/kindora.com\/wp-content\/uploads\/2025\/03\/slabire-copii_importanta-sportului-20x30.jpg 20w, https:\/\/kindora.com\/wp-content\/uploads\/2025\/03\/slabire-copii_importanta-sportului-197x295.jpg 197w, https:\/\/kindora.com\/wp-content\/uploads\/2025\/03\/slabire-copii_importanta-sportului-207x310.jpg 207w, https:\/\/kindora.com\/wp-content\/uploads\/2025\/03\/slabire-copii_importanta-sportului-180x270.jpg 180w, https:\/\/kindora.com\/wp-content\/uploads\/2025\/03\/slabire-copii_importanta-sportului.jpg 1333w\" sizes=\"auto, (max-width: 682px) 100vw, 682px\" \/><\/figure>\n<\/div>\n<\/div>\n\n\n\n<h3 class=\"wp-block-heading\" id=\"h-importan\u021ba-jocurilor-in-men\u021binerea-unei-greuta\u021bi-sanatoase\">Importan\u021ba jocurilor \u00een men\u021binerea unei greut\u0103\u021bi s\u0103n\u0103toase<\/h3>\n\n\n\n<p>Sportul ar trebui s\u0103 fie o experien\u021b\u0103 pl\u0103cut\u0103 pentru copii \u0219i adolescen\u021bi. Alegerea unor activit\u0103\u021bi distractive de care s\u0103 se bucure \u0219i care s\u0103 le capteze aten\u021bia va cre\u0219te motiva\u021bia \u0219i implicarea lor pe termen lung. P\u0103rin\u021bii \u0219i adul\u021bii care sunt prezen\u021bi \u00een via\u021ba copiilor pot juca un rol esen\u021bial \u00een promovarea unui stil de via\u021b\u0103 activ \u0219i a unei alimenta\u021bii s\u0103n\u0103toase, oferind suport \u0219i \u00eencurajare pentru adoptarea unor obiceiuri s\u0103n\u0103toase \u00een via\u021ba celor mici.<\/p>\n\n\n\n<p><\/p>\n\n\n\n<h2 class=\"wp-block-heading\" id=\"h-rolul-parin\u021bilor-\u0219i-al-familiei-in-sprijinirea-procesului-de-slabire\">Rolul p\u0103rin\u021bilor \u0219i al familiei \u00een sprijinirea procesului de sl\u0103bire<\/h2>\n\n\n\n<p>Influen\u021ba familiei poate s\u0103 fie decisiv\u0103 \u00een conturarea obiceiurilor alimentare \u0219i a unui stil de via\u021b\u0103 activ pentru copii \u0219i adolescen\u021bi.<\/p>\n\n\n\n<p>Ca p\u0103rinte, vrei s\u0103-\u021bi sus\u021bii copilul \u00een procesul de sl\u0103bire, dar \u00een acela\u0219i timp nu vrei s\u0103-i insufli ideea c\u0103 trebuie s\u0103 se schimbe pentru a se potrivi unor a\u0219tept\u0103ri sociale.&nbsp;<\/p>\n\n\n\n<p><\/p>\n\n\n\n<p>Sl\u0103birea \u00een cazul copiilor \u0219i adolescen\u021bilor necesit\u0103 mai pu\u021bin dec\u00e2t te-ai a\u0219tepta. Nu exist\u0103 \u0219i nu este nevoie de pastile de sl\u0103bit pentru copii, sirop de sl\u0103bit pentru copii sau ceaiuri care s\u0103-l fac\u0103 pe cel mic s\u0103 scad\u0103 \u00een greutate c\u00e2t mai repede. Important este s\u0103 \u00eei introduci \u00een regimul alimentar hran\u0103 s\u0103n\u0103toas\u0103, bogat\u0103 \u00een vitamine \u0219i minerale, f\u0103r\u0103 s\u0103 \u00eei impui o diet\u0103 restrictiv\u0103. Nu este nimic \u00een neregul\u0103 \u00een a ne \u00eenc\u00e2nta poftele cu m\u00e2nc\u0103ruri procesate atunci c\u00e2nd o facem cump\u0103tat \u0219i nu le l\u0103s\u0103m s\u0103 predomine \u00een dieta noastr\u0103.<\/p>\n\n\n\n<p><\/p>\n\n\n\n<p>Aceea\u0219i regul\u0103 se aplic\u0103 \u0219i \u00een cazul celor mici.<\/p>\n\n\n\n<p><\/p>\n\n\n\n<p>Mai mult dec\u00e2t at\u00e2t, nu putem ignora contribu\u021bia pe care o aduce mi\u0219carea fizic\u0103. Copiii nu trebuie s\u0103 \u021bin\u0103 diet\u0103 pentru a sl\u0103bi, ci s\u0103 fac\u0103 sport, s\u0103 ias\u0103 din cas\u0103 \u0219i s\u0103 se implice \u00een activit\u0103\u021bi antrenate care s\u0103 le permit\u0103 s\u0103 consume energie \u0219i, calorii.<\/p>\n\n\n\n<p><\/p>\n\n\n\n<p>Am preg\u0103tit pentru tine o list\u0103 cu sfaturi care s\u0103 te ghideze ce s\u0103 faci ca s\u0103-\u021bi sus\u021bii copilul \u00een acest proces:<\/p>\n\n\n\n<p><\/p>\n\n\n\n<div class=\"wp-block-columns is-layout-flex wp-container-core-columns-is-layout-9d6595d7 wp-block-columns-is-layout-flex\">\n<div class=\"wp-block-column is-layout-flow wp-block-column-is-layout-flow\">\n<h3 class=\"wp-block-heading\" id=\"h-fii-un-exemplu-pentru-copilul-tau\">Fii un exemplu pentru copilul t\u0103u:<\/h3>\n\n\n\n<p>Este inevitabil ca cei mai mul\u021bi copii s\u0103 nu copieze comportamentele pe care le v\u0103d \u00een cas\u0103. \u00cencearc\u0103 s\u0103 incluzi \u00een rutina ta activit\u0103\u021bi care ar trebui s\u0103 se reg\u0103seasc\u0103 \u0219i \u00een rutina lui \u0219i construi\u021bi-v\u0103 \u00eempreun\u0103, \u00een familie, obiceiuri s\u0103n\u0103toase. Spre exemplu, \u00eencearc\u0103 s\u0103 nu \u021bine\u021bi b\u0103uturi dulci \u0219i carbogazoase \u00een cas\u0103 \u0219i \u00eencearc\u0103 s\u0103 \u00eenlocuie\u0219ti dulciurile procesate cu fructe, pentru a r\u0103ri treptat consumul lor frecvent.<\/p>\n<\/div>\n\n\n\n<div class=\"wp-block-column is-layout-flow wp-block-column-is-layout-flow\">\n<h3 class=\"wp-block-heading\" id=\"h-ajuta-l-sa-\u0219i-gaseasca-pasiuni-care-sa-l-reprezinte\">Ajut\u0103-l s\u0103-\u0219i g\u0103seasc\u0103 pasiuni, care s\u0103-l reprezinte:<\/h3>\n\n\n\n<p>Uneori, motivul pentru care ajungem s\u0103 m\u00e2nc\u0103m mai mult dec\u00e2t trebuie este simplul fapt c\u0103 ne plictisim, iar m\u00e2ncatul devine o modalitate de a ne ocupa timpul \u0219i a r\u0103m\u00e2ne cu sentimentul c\u0103 am luat parte la o activitate. Dac\u0103 \u00ee\u021bi aju\u021bi copilul s\u0103 descopere activit\u0103\u021bi care s\u0103-i ocupe timpul, atunci vei limita semnificativ riscurile ca acesta s\u0103 ajung\u0103 s\u0103 \u00eenlocuiasc\u0103 hobby-urile cu m\u00e2ncare.<\/p>\n<\/div>\n<\/div>\n\n\n\n<div class=\"wp-block-columns is-layout-flex wp-container-core-columns-is-layout-9d6595d7 wp-block-columns-is-layout-flex\">\n<div class=\"wp-block-column is-layout-flow wp-block-column-is-layout-flow\">\n<h3 class=\"wp-block-heading\" id=\"h-nu-\u021bi-fie-teama-sa-ceri-ajutor-atunci-cand-te-sim\u021bi-cople\u0219it\">Nu-\u021bi fie team\u0103 s\u0103 ceri ajutor atunci c\u00e2nd te sim\u021bi cople\u0219it:<\/h3>\n\n\n\n<p>Poate s\u0103 fie dificil \u0219i pentru un adult s\u0103-\u0219i conceap\u0103 o rutin\u0103 s\u0103n\u0103toas\u0103 care s\u0103 \u00eel ajute s\u0103 piard\u0103 \u00een greutate \u0219i s\u0103 se \u0219i \u021bin\u0103 de ea, iar pentru un copil, acest pas se poate ar\u0103ta chiar mai dificil. Dac\u0103 nu \u0219tii de unde s\u0103 o apuci, ai putea s\u0103 iei leg\u0103tura cu un medic nutri\u021bionist, pentru a alc\u0103tui o schem\u0103 alimentar\u0103 personalizat\u0103 nevoilor copilului t\u0103u.<\/p>\n<\/div>\n\n\n\n<div class=\"wp-block-column is-layout-flow wp-block-column-is-layout-flow\">\n<h3 class=\"wp-block-heading\" id=\"h-evita-criticile-\u0219i-presiunea-asupra-imaginii-copilului-tau\">Evit\u0103 criticile \u0219i presiunea asupra imaginii copilului t\u0103u:<\/h3>\n\n\n\n<p>Poate mai dure dec\u00e2t criticile venite de la oameni necunoscu\u021bi sunt cele venite de la propria familie. \u00cen astfel de momente, \u00een care copilul sufer\u0103 \u00een urma greut\u0103\u021bii sale, el are cea mai mare nevoie de sus\u021binere \u0219i \u00eencuraj\u0103ri \u00een acest proces. De aceea este important s\u0103 colabora\u021bi \u0219i s\u0103 \u00ee\u021bi incluzi \u0219i tu \u00een rutin\u0103, pe c\u00e2t posibil, pa\u0219ii pe care trebuie s\u0103-i urmeze copilul t\u0103u pentru a sl\u0103bi.<\/p>\n<\/div>\n<\/div>\n\n\n\n<div class=\"wp-block-columns is-layout-flex wp-container-core-columns-is-layout-9d6595d7 wp-block-columns-is-layout-flex\">\n<div class=\"wp-block-column is-layout-flow wp-block-column-is-layout-flow\"><\/div>\n\n\n\n<div class=\"wp-block-column is-layout-flow wp-block-column-is-layout-flow\">\n<h3 class=\"wp-block-heading\" id=\"h-petrece\u021bi-timp-liber-impreuna\">Petrece\u021bi timp liber \u00eempreun\u0103:<\/h3>\n\n\n\n<p>Dac\u0103 observi c\u0103 cel mic duce o via\u021b\u0103 inactiv\u0103, o recomandare bun\u0103 ar fi s\u0103 \u00eencerci s\u0103 petreci mai mult timp cu el, f\u0103c\u00e2nd diverse activit\u0103\u021bi \u00eempreun\u0103, de la cur\u0103\u021benie \u00een cas\u0103 \u0219i mers \u00eempreun\u0103 la cump\u0103r\u0103turi, la drume\u021bii \u00een familie, sear\u0103 de bowling sau chiar activit\u0103\u021bi de voluntariat.<\/p>\n<\/div>\n<\/div>\n\n\n\n<h2 class=\"wp-block-heading has-text-align-left has-text-color has-link-color wp-elements-63cdfa8b64d5f58d2d27b5d6b6db19b9\" id=\"h-concluzii\" style=\"color:#d50707\">Concluzii<\/h2>\n\n\n\n<p class=\"has-text-align-left has-text-color has-background has-link-color wp-elements-5ea003d29f080884226b7cbc2bb0439d\" style=\"color:#d50707;background-color:#ffe7e7\">Organismul unui copil cu o greutate s\u0103n\u0103toas\u0103 se descrie \u00een armonia dintre o alimenta\u021bie echilibrat\u0103 \u0219i mi\u0219care fizic\u0103. O cur\u0103 de sl\u0103bire pentru copii \u0219i adolescen\u021bi nu este solu\u021bia. Activit\u0103\u021bile de zi cu zi pot s\u0103 afecteze semnificativ kilogramele pe care cel mic le acumuleaz\u0103, pentru c\u0103, la aceast\u0103 v\u00e2rst\u0103, mi\u0219carea fizic\u0103 prin activit\u0103\u021bi pl\u0103cute lor poate reprezenta cea mai sustenabil\u0103 modalitate de a ajunge la o greutate optim\u0103.\u00a0<\/p>\n\n\n\n<p><\/p>\n\n\n\n<h2 class=\"wp-block-heading has-text-color has-link-color wp-elements-c80681464fd71d56d638d3d71152832e\" id=\"h-surse\" style=\"color:#637a06\">Surse:<\/h2>\n\n\n\n<div class=\"wp-block-columns has-white-background-color has-text-color has-background has-link-color wp-elements-686d12b612ed0e31f5a4332137a5024f is-layout-flex wp-container-core-columns-is-layout-9d6595d7 wp-block-columns-is-layout-flex\" style=\"color:#637a06\">\n<div class=\"wp-block-column is-layout-flow wp-block-column-is-layout-flow\">\n    <div id=\"block_f9c778d70306d2bc31003adda75fb41d\" class=\"align wp-block-custom-blocks-link-list\">\n\n\t\t\t<ul class=\"dots-list\">\n\n\t\t\t\t\t\t\t<li>\n            \t\t\t\t\t\t\t\t\t\t\t\t\t\t<a target=\"_blank\" href=\"https:\/\/www.niddk.nih.gov\/health-information\/weight-management\/helping-your-child-who-is-overweight\">Helping Your Child Who Is Overweight<\/a>\n                    \t\t\t\t<\/li>\n\t\t\t\t\t\t\t<li>\n            \t\t\t\t\t\t\t\t\t\t\t\t\t\t<a target=\"_blank\" href=\"https:\/\/bestcare.org\/news\/my-childs-weight-gain-normal-tips-keep-kids-track-healthy-habits\">Is My Child\u2019s Weight Gain Normal? Tips To Keep Kids on Track With Healthy Habits<\/a>\n                    \t\t\t\t<\/li>\n\t\t\t\t\t\t\t<li>\n            \t\t\t\t\t\t\t\t\t\t\t\t\t\t<a target=\"_blank\" href=\"https:\/\/www.mayoclinic.org\/diseases-conditions\/childhood-obesity\/symptoms-causes\/syc-20354827\">Childhood obesity<\/a>\n                    \t\t\t\t<\/li>\n\t\t\t\t\t\t\t<li>\n            \t\t\t\t\t\t\t\t\t\t\t\t\t\t<a target=\"_blank\" href=\"https:\/\/www.obesityaction.org\/resources\/dear-doctor-my-child-is-gaining-weight-how-do-i-help-them\/\">Dear Doctor: My Child is Gaining Weight. How Do I Help Them?<\/a>\n                    \t\t\t\t<\/li>\n\t\t\t\t\t\t\t<li>\n            \t\t\t\t\t\t\t\t\t\t\t\t\t\t<a target=\"_blank\" href=\"https:\/\/www.nhs.uk\/live-well\/healthy-weight\/childrens-weight\/advice-for-parents-overweight-children\/\">Advice for parents of overweight children<\/a>\n                    \t\t\t\t<\/li>\n\t\t\t\t\t\t\t<li>\n            \t\t\t\t\t\t\t\t\t\t\t\t\t\t<a target=\"_blank\" href=\"https:\/\/www.verywellhealth.com\/help-with-weight-loss-for-kids-who-cant-lose-weight-2633987\">Weight Loss Help for Kids Who Aren&#8217;t Losing Weight<\/a>\n                    \t\t\t\t<\/li>\n\t\t\t\t\t\t\t<li>\n            \t\t\t\t\t\t\t\t\t\t\t\t\t\t<a target=\"_blank\" href=\"https:\/\/www.medicalnewstoday.com\/articles\/weight-loss-for-teens\">The do&#8217;s and don&#8217;ts of healthy weight loss for teens<\/a>\n                    \t\t\t\t<\/li>\n\t\t\t\t\t\t\t<li>\n            \t\t\t\t\t\t\t\t\t\t\t\t\t\t<a target=\"_blank\" href=\"https:\/\/www.niddk.nih.gov\/health-information\/weight-management\/take-charge-health-guide-teenagers\">Take Charge of Your Health: A Guide for Teenagers<\/a>\n                    \t\t\t\t<\/li>\n\t\t\t\t\t\t\t<li>\n            \t\t\t\t\t\t\t\t\t\t\t\t\t\t<a target=\"_blank\" href=\"https:\/\/www.eatingwell.com\/article\/291139\/the-top-10-healthiest-foods-for-kids\/\">The Top 10 Healthiest Foods for Kids<\/a>\n                    \t\t\t\t<\/li>\n\t\t\t\t\t\t\t<li>\n            \t\t\t\t\t\t\t\t\t\t\t\t\t\t<a target=\"_blank\" href=\"https:\/\/www.ncbi.nlm.nih.gov\/books\/NBK562207\/\">Nutrition and Hydration Requirements In Children and Adults<\/a>\n                    \t\t\t\t<\/li>\n\t\t\t\n\t\t<\/ul>\n\t\n    <\/div>\n<\/div>\n<\/div>\n\n\n\n<p><\/p>\n","protected":false},"excerpt":{"rendered":"<p>At\u00e2t \u00een copil\u0103rie, dar mai ales la v\u00e2rsta adolescen\u021bei, greutatea poate s\u0103 reprezinte un factor definitoriu at\u00e2t pentru imaginea de sine c\u00e2t \u0219i pentru rela\u021biile personale. Din ce \u00een ce mai mul\u021bi tineri caut\u0103 modalit\u0103\u021bi de a sl\u0103bi. Uneori, din teama de a fi judeca\u021bi de cei din jur, ei ajung s\u0103 recurg\u0103 la modalit\u0103\u021bi [&hellip;]<\/p>\n","protected":false},"author":319,"featured_media":8499,"comment_status":"open","ping_status":"open","sticky":false,"template":"","format":"standard","meta":{"_acf_changed":false,"_glsr_average":0,"_glsr_ranking":0,"_glsr_reviews":0,"footnotes":""},"categories":[66],"tags":[],"class_list":["post-8496","post","type-post","status-publish","format-standard","has-post-thumbnail","hentry","category-sanatate"],"acf":[],"yoast_head":"<!-- This site is optimized with the Yoast SEO Premium plugin v26.4 (Yoast SEO v27.4) - https:\/\/yoast.com\/product\/yoast-seo-premium-wordpress\/ -->\n<title>Sl\u0103birea pentru copii \u0219i adolescen\u021bi: ce recomand\u0103 nutri\u021bioni\u0219tii<\/title>\n<meta name=\"description\" content=\"O cur\u0103 de sl\u0103bire pentru copii nu este solu\u021bia unei greut\u0103\u021bi s\u0103n\u0103toase: focuseaz\u0103-te pe o alimenta\u021bie nutritiv\u0103 \u0219i mi\u0219care fizic\u0103 zilnic\u0103.\" \/>\n<meta name=\"robots\" content=\"index, follow, max-snippet:-1, max-image-preview:large, max-video-preview:-1\" \/>\n<link rel=\"canonical\" href=\"https:\/\/kindora.com\/ro\/slabire-copii-si-adolescenti\/\" \/>\n<meta property=\"og:locale\" content=\"ro_RO\" \/>\n<meta property=\"og:type\" content=\"article\" \/>\n<meta property=\"og:title\" content=\"Sl\u0103birea \u00een cazul copiilor \u0219i al adolescen\u021bilor: ce recomand\u0103 nutri\u021bioni\u0219tii\" \/>\n<meta property=\"og:description\" content=\"O cur\u0103 de sl\u0103bire pentru copii nu este solu\u021bia unei greut\u0103\u021bi s\u0103n\u0103toase: focuseaz\u0103-te pe o alimenta\u021bie nutritiv\u0103 \u0219i mi\u0219care fizic\u0103 zilnic\u0103.\" \/>\n<meta property=\"og:url\" content=\"https:\/\/kindora.com\/ro\/slabire-copii-si-adolescenti\/\" \/>\n<meta property=\"og:site_name\" content=\"Kindora\" \/>\n<meta property=\"article:publisher\" content=\"https:\/\/www.facebook.com\/profile.php?id=61556143894387&amp;locale=ro_RO\" \/>\n<meta property=\"article:published_time\" content=\"2025-03-27T07:13:00+00:00\" \/>\n<meta property=\"article:modified_time\" content=\"2025-11-04T12:58:13+00:00\" \/>\n<meta property=\"og:image\" content=\"https:\/\/kindora.com\/wp-content\/uploads\/2025\/03\/slabire-copii_alimentatie-optima-scaled.jpg\" \/>\n\t<meta property=\"og:image:width\" content=\"2560\" \/>\n\t<meta property=\"og:image:height\" content=\"1707\" \/>\n\t<meta property=\"og:image:type\" content=\"image\/jpeg\" \/>\n<meta name=\"author\" content=\"Mihaela Dumitrescu\" \/>\n<meta name=\"twitter:card\" content=\"summary_large_image\" \/>\n<meta name=\"twitter:label1\" content=\"Scris de\" \/>\n\t<meta name=\"twitter:data1\" content=\"Mihaela Dumitrescu\" \/>\n\t<meta name=\"twitter:label2\" content=\"Timp estimat pentru citire\" \/>\n\t<meta name=\"twitter:data2\" content=\"18 minute\" \/>\n<script type=\"application\/ld+json\" class=\"yoast-schema-graph\">{\"@context\":\"https:\\\/\\\/schema.org\",\"@graph\":[{\"@type\":\"Article\",\"@id\":\"https:\\\/\\\/kindora.com\\\/ro\\\/slabire-copii-si-adolescenti\\\/#article\",\"isPartOf\":{\"@id\":\"https:\\\/\\\/kindora.com\\\/ro\\\/slabire-copii-si-adolescenti\\\/\"},\"author\":{\"name\":\"Mihaela Dumitrescu\",\"@id\":\"https:\\\/\\\/kindora.com\\\/ro\\\/#\\\/schema\\\/person\\\/a379a6b259fcf55d5d33dedf1b5bb161\"},\"headline\":\"Sl\u0103birea \u00een cazul copiilor \u0219i al adolescen\u021bilor: ce recomand\u0103 nutri\u021bioni\u0219tii\",\"datePublished\":\"2025-03-27T07:13:00+00:00\",\"dateModified\":\"2025-11-04T12:58:13+00:00\",\"mainEntityOfPage\":{\"@id\":\"https:\\\/\\\/kindora.com\\\/ro\\\/slabire-copii-si-adolescenti\\\/\"},\"wordCount\":3639,\"commentCount\":0,\"publisher\":{\"@id\":\"https:\\\/\\\/kindora.com\\\/ro\\\/#organization\"},\"image\":{\"@id\":\"https:\\\/\\\/kindora.com\\\/ro\\\/slabire-copii-si-adolescenti\\\/#primaryimage\"},\"thumbnailUrl\":\"https:\\\/\\\/kindora.com\\\/wp-content\\\/uploads\\\/2025\\\/03\\\/slabire-copii_alimentatie-optima-scaled.jpg\",\"articleSection\":[\"S\u0103n\u0103tate\"],\"inLanguage\":\"ro-RO\",\"potentialAction\":[{\"@type\":\"CommentAction\",\"name\":\"Comment\",\"target\":[\"https:\\\/\\\/kindora.com\\\/ro\\\/slabire-copii-si-adolescenti\\\/#respond\"]}]},{\"@type\":\"WebPage\",\"@id\":\"https:\\\/\\\/kindora.com\\\/ro\\\/slabire-copii-si-adolescenti\\\/\",\"url\":\"https:\\\/\\\/kindora.com\\\/ro\\\/slabire-copii-si-adolescenti\\\/\",\"name\":\"Sl\u0103birea pentru copii \u0219i adolescen\u021bi: ce recomand\u0103 nutri\u021bioni\u0219tii\",\"isPartOf\":{\"@id\":\"https:\\\/\\\/kindora.com\\\/ro\\\/#website\"},\"primaryImageOfPage\":{\"@id\":\"https:\\\/\\\/kindora.com\\\/ro\\\/slabire-copii-si-adolescenti\\\/#primaryimage\"},\"image\":{\"@id\":\"https:\\\/\\\/kindora.com\\\/ro\\\/slabire-copii-si-adolescenti\\\/#primaryimage\"},\"thumbnailUrl\":\"https:\\\/\\\/kindora.com\\\/wp-content\\\/uploads\\\/2025\\\/03\\\/slabire-copii_alimentatie-optima-scaled.jpg\",\"datePublished\":\"2025-03-27T07:13:00+00:00\",\"dateModified\":\"2025-11-04T12:58:13+00:00\",\"description\":\"O cur\u0103 de sl\u0103bire pentru copii nu este solu\u021bia unei greut\u0103\u021bi s\u0103n\u0103toase: focuseaz\u0103-te pe o alimenta\u021bie nutritiv\u0103 \u0219i mi\u0219care fizic\u0103 zilnic\u0103.\",\"breadcrumb\":{\"@id\":\"https:\\\/\\\/kindora.com\\\/ro\\\/slabire-copii-si-adolescenti\\\/#breadcrumb\"},\"inLanguage\":\"ro-RO\",\"potentialAction\":[{\"@type\":\"ReadAction\",\"target\":[\"https:\\\/\\\/kindora.com\\\/ro\\\/slabire-copii-si-adolescenti\\\/\"]}]},{\"@type\":\"ImageObject\",\"inLanguage\":\"ro-RO\",\"@id\":\"https:\\\/\\\/kindora.com\\\/ro\\\/slabire-copii-si-adolescenti\\\/#primaryimage\",\"url\":\"https:\\\/\\\/kindora.com\\\/wp-content\\\/uploads\\\/2025\\\/03\\\/slabire-copii_alimentatie-optima-scaled.jpg\",\"contentUrl\":\"https:\\\/\\\/kindora.com\\\/wp-content\\\/uploads\\\/2025\\\/03\\\/slabire-copii_alimentatie-optima-scaled.jpg\",\"width\":2560,\"height\":1707,\"caption\":\"Imagine din fa\u021b\u0103 cu o fat\u0103 care taie rondele de ardei gras ro\u0219u \u00eentr-o buc\u0103t\u0103rie\"},{\"@type\":\"BreadcrumbList\",\"@id\":\"https:\\\/\\\/kindora.com\\\/ro\\\/slabire-copii-si-adolescenti\\\/#breadcrumb\",\"itemListElement\":[{\"@type\":\"ListItem\",\"position\":1,\"name\":\"Prima pagin\u0103\",\"item\":\"https:\\\/\\\/kindora.com\\\/ro\\\/\"},{\"@type\":\"ListItem\",\"position\":2,\"name\":\"S\u0103n\u0103tate\",\"item\":\"https:\\\/\\\/kindora.com\\\/ro\\\/categorie\\\/sanatate\\\/\"},{\"@type\":\"ListItem\",\"position\":3,\"name\":\"Sl\u0103birea \u00een cazul copiilor \u0219i al adolescen\u021bilor: ce recomand\u0103 nutri\u021bioni\u0219tii\",\"item\":\"https:\\\/\\\/kindora.com\\\/ro\\\/slabire-copii-si-adolescenti\\\/\"}]},{\"@type\":\"WebSite\",\"@id\":\"https:\\\/\\\/kindora.com\\\/ro\\\/#website\",\"url\":\"https:\\\/\\\/kindora.com\\\/ro\\\/\",\"name\":\"Kindora\",\"description\":\"\",\"publisher\":{\"@id\":\"https:\\\/\\\/kindora.com\\\/ro\\\/#organization\"},\"potentialAction\":[{\"@type\":\"SearchAction\",\"target\":{\"@type\":\"EntryPoint\",\"urlTemplate\":\"https:\\\/\\\/kindora.com\\\/ro\\\/?s={search_term_string}\"},\"query-input\":{\"@type\":\"PropertyValueSpecification\",\"valueRequired\":true,\"valueName\":\"search_term_string\"}}],\"inLanguage\":\"ro-RO\"},{\"@type\":\"Organization\",\"@id\":\"https:\\\/\\\/kindora.com\\\/ro\\\/#organization\",\"name\":\"Kindora\",\"url\":\"https:\\\/\\\/kindora.com\\\/ro\\\/\",\"logo\":{\"@type\":\"ImageObject\",\"inLanguage\":\"ro-RO\",\"@id\":\"https:\\\/\\\/kindora.com\\\/ro\\\/#\\\/schema\\\/logo\\\/image\\\/\",\"url\":\"https:\\\/\\\/kindora.com\\\/wp-content\\\/uploads\\\/2025\\\/04\\\/kindora-sssww.png\",\"contentUrl\":\"https:\\\/\\\/kindora.com\\\/wp-content\\\/uploads\\\/2025\\\/04\\\/kindora-sssww.png\",\"width\":220,\"height\":88,\"caption\":\"Kindora\"},\"image\":{\"@id\":\"https:\\\/\\\/kindora.com\\\/ro\\\/#\\\/schema\\\/logo\\\/image\\\/\"},\"sameAs\":[\"https:\\\/\\\/www.facebook.com\\\/profile.php?id=61556143894387&locale=ro_RO\",\"https:\\\/\\\/www.instagram.com\\\/kindora.romania\\\/\",\"https:\\\/\\\/www.tiktok.com\\\/@kindora.romania\",\"https:\\\/\\\/www.linkedin.com\\\/company\\\/kindoraromania\\\/posts\\\/?feedView=all\",\"https:\\\/\\\/www.youtube.com\\\/@kindora.romania\"]},{\"@type\":\"Person\",\"@id\":\"https:\\\/\\\/kindora.com\\\/ro\\\/#\\\/schema\\\/person\\\/a379a6b259fcf55d5d33dedf1b5bb161\",\"name\":\"Mihaela Dumitrescu\",\"image\":{\"@type\":\"ImageObject\",\"inLanguage\":\"ro-RO\",\"@id\":\"https:\\\/\\\/secure.gravatar.com\\\/avatar\\\/5911035894d4ff97cc894061000c24e31e2b6f28586d286cee0c08bece631f1e?s=96&d=mm&r=g\",\"url\":\"https:\\\/\\\/secure.gravatar.com\\\/avatar\\\/5911035894d4ff97cc894061000c24e31e2b6f28586d286cee0c08bece631f1e?s=96&d=mm&r=g\",\"contentUrl\":\"https:\\\/\\\/secure.gravatar.com\\\/avatar\\\/5911035894d4ff97cc894061000c24e31e2b6f28586d286cee0c08bece631f1e?s=96&d=mm&r=g\",\"caption\":\"Mihaela Dumitrescu\"},\"description\":\"Mihaela \u0219i-a \u00eenceput parcursul \u00een domeniul s\u0103n\u0103t\u0103\u021bii cu un an \u0219i jum\u0103tate \u00een urm\u0103. Pasiunea pentru scris a \u00eenceput \u00eenc\u0103 din copil\u0103rie \u0219i s-a conturat pe durata Facult\u0103\u021bii de Limbi \u0219i Literaturi Str\u0103ine din cadrul Unibuc, dob\u00e2ndind ulterior un Master \u00een Traduceri Literare. \u00cen timpul ei la Kindora, Mihaela a prins un interes major pentru zona de nutri\u021bie \u0219i stil de via\u021b\u0103 s\u0103n\u0103tos, dorind, la r\u00e2ndul ei, s\u0103 ajute oamenii s\u0103 \u00een\u021beleag\u0103 impactul alimenta\u021biei asupra bun\u0103st\u0103rii zilnice \u0219i s\u0103 fac\u0103 alegeri mai bune pentru s\u0103n\u0103tatea lor.\",\"url\":\"https:\\\/\\\/kindora.com\\\/ro\\\/author\\\/mihaela-dumitrescu\\\/\"}]}<\/script>\n<!-- \/ Yoast SEO Premium plugin. -->","yoast_head_json":{"title":"Sl\u0103birea pentru copii \u0219i adolescen\u021bi: ce recomand\u0103 nutri\u021bioni\u0219tii","description":"O cur\u0103 de sl\u0103bire pentru copii nu este solu\u021bia unei greut\u0103\u021bi s\u0103n\u0103toase: focuseaz\u0103-te pe o alimenta\u021bie nutritiv\u0103 \u0219i mi\u0219care fizic\u0103 zilnic\u0103.","robots":{"index":"index","follow":"follow","max-snippet":"max-snippet:-1","max-image-preview":"max-image-preview:large","max-video-preview":"max-video-preview:-1"},"canonical":"https:\/\/kindora.com\/ro\/slabire-copii-si-adolescenti\/","og_locale":"ro_RO","og_type":"article","og_title":"Sl\u0103birea \u00een cazul copiilor \u0219i al adolescen\u021bilor: ce recomand\u0103 nutri\u021bioni\u0219tii","og_description":"O cur\u0103 de sl\u0103bire pentru copii nu este solu\u021bia unei greut\u0103\u021bi s\u0103n\u0103toase: focuseaz\u0103-te pe o alimenta\u021bie nutritiv\u0103 \u0219i mi\u0219care fizic\u0103 zilnic\u0103.","og_url":"https:\/\/kindora.com\/ro\/slabire-copii-si-adolescenti\/","og_site_name":"Kindora","article_publisher":"https:\/\/www.facebook.com\/profile.php?id=61556143894387&locale=ro_RO","article_published_time":"2025-03-27T07:13:00+00:00","article_modified_time":"2025-11-04T12:58:13+00:00","og_image":[{"width":2560,"height":1707,"url":"https:\/\/kindora.com\/wp-content\/uploads\/2025\/03\/slabire-copii_alimentatie-optima-scaled.jpg","type":"image\/jpeg"}],"author":"Mihaela Dumitrescu","twitter_card":"summary_large_image","twitter_misc":{"Scris de":"Mihaela Dumitrescu","Timp estimat pentru citire":"18 minute"},"schema":{"@context":"https:\/\/schema.org","@graph":[{"@type":"Article","@id":"https:\/\/kindora.com\/ro\/slabire-copii-si-adolescenti\/#article","isPartOf":{"@id":"https:\/\/kindora.com\/ro\/slabire-copii-si-adolescenti\/"},"author":{"name":"Mihaela Dumitrescu","@id":"https:\/\/kindora.com\/ro\/#\/schema\/person\/a379a6b259fcf55d5d33dedf1b5bb161"},"headline":"Sl\u0103birea \u00een cazul copiilor \u0219i al adolescen\u021bilor: ce recomand\u0103 nutri\u021bioni\u0219tii","datePublished":"2025-03-27T07:13:00+00:00","dateModified":"2025-11-04T12:58:13+00:00","mainEntityOfPage":{"@id":"https:\/\/kindora.com\/ro\/slabire-copii-si-adolescenti\/"},"wordCount":3639,"commentCount":0,"publisher":{"@id":"https:\/\/kindora.com\/ro\/#organization"},"image":{"@id":"https:\/\/kindora.com\/ro\/slabire-copii-si-adolescenti\/#primaryimage"},"thumbnailUrl":"https:\/\/kindora.com\/wp-content\/uploads\/2025\/03\/slabire-copii_alimentatie-optima-scaled.jpg","articleSection":["S\u0103n\u0103tate"],"inLanguage":"ro-RO","potentialAction":[{"@type":"CommentAction","name":"Comment","target":["https:\/\/kindora.com\/ro\/slabire-copii-si-adolescenti\/#respond"]}]},{"@type":"WebPage","@id":"https:\/\/kindora.com\/ro\/slabire-copii-si-adolescenti\/","url":"https:\/\/kindora.com\/ro\/slabire-copii-si-adolescenti\/","name":"Sl\u0103birea pentru copii \u0219i adolescen\u021bi: ce recomand\u0103 nutri\u021bioni\u0219tii","isPartOf":{"@id":"https:\/\/kindora.com\/ro\/#website"},"primaryImageOfPage":{"@id":"https:\/\/kindora.com\/ro\/slabire-copii-si-adolescenti\/#primaryimage"},"image":{"@id":"https:\/\/kindora.com\/ro\/slabire-copii-si-adolescenti\/#primaryimage"},"thumbnailUrl":"https:\/\/kindora.com\/wp-content\/uploads\/2025\/03\/slabire-copii_alimentatie-optima-scaled.jpg","datePublished":"2025-03-27T07:13:00+00:00","dateModified":"2025-11-04T12:58:13+00:00","description":"O cur\u0103 de sl\u0103bire pentru copii nu este solu\u021bia unei greut\u0103\u021bi s\u0103n\u0103toase: focuseaz\u0103-te pe o alimenta\u021bie nutritiv\u0103 \u0219i mi\u0219care fizic\u0103 zilnic\u0103.","breadcrumb":{"@id":"https:\/\/kindora.com\/ro\/slabire-copii-si-adolescenti\/#breadcrumb"},"inLanguage":"ro-RO","potentialAction":[{"@type":"ReadAction","target":["https:\/\/kindora.com\/ro\/slabire-copii-si-adolescenti\/"]}]},{"@type":"ImageObject","inLanguage":"ro-RO","@id":"https:\/\/kindora.com\/ro\/slabire-copii-si-adolescenti\/#primaryimage","url":"https:\/\/kindora.com\/wp-content\/uploads\/2025\/03\/slabire-copii_alimentatie-optima-scaled.jpg","contentUrl":"https:\/\/kindora.com\/wp-content\/uploads\/2025\/03\/slabire-copii_alimentatie-optima-scaled.jpg","width":2560,"height":1707,"caption":"Imagine din fa\u021b\u0103 cu o fat\u0103 care taie rondele de ardei gras ro\u0219u \u00eentr-o buc\u0103t\u0103rie"},{"@type":"BreadcrumbList","@id":"https:\/\/kindora.com\/ro\/slabire-copii-si-adolescenti\/#breadcrumb","itemListElement":[{"@type":"ListItem","position":1,"name":"Prima pagin\u0103","item":"https:\/\/kindora.com\/ro\/"},{"@type":"ListItem","position":2,"name":"S\u0103n\u0103tate","item":"https:\/\/kindora.com\/ro\/categorie\/sanatate\/"},{"@type":"ListItem","position":3,"name":"Sl\u0103birea \u00een cazul copiilor \u0219i al adolescen\u021bilor: ce recomand\u0103 nutri\u021bioni\u0219tii","item":"https:\/\/kindora.com\/ro\/slabire-copii-si-adolescenti\/"}]},{"@type":"WebSite","@id":"https:\/\/kindora.com\/ro\/#website","url":"https:\/\/kindora.com\/ro\/","name":"Kindora","description":"","publisher":{"@id":"https:\/\/kindora.com\/ro\/#organization"},"potentialAction":[{"@type":"SearchAction","target":{"@type":"EntryPoint","urlTemplate":"https:\/\/kindora.com\/ro\/?s={search_term_string}"},"query-input":{"@type":"PropertyValueSpecification","valueRequired":true,"valueName":"search_term_string"}}],"inLanguage":"ro-RO"},{"@type":"Organization","@id":"https:\/\/kindora.com\/ro\/#organization","name":"Kindora","url":"https:\/\/kindora.com\/ro\/","logo":{"@type":"ImageObject","inLanguage":"ro-RO","@id":"https:\/\/kindora.com\/ro\/#\/schema\/logo\/image\/","url":"https:\/\/kindora.com\/wp-content\/uploads\/2025\/04\/kindora-sssww.png","contentUrl":"https:\/\/kindora.com\/wp-content\/uploads\/2025\/04\/kindora-sssww.png","width":220,"height":88,"caption":"Kindora"},"image":{"@id":"https:\/\/kindora.com\/ro\/#\/schema\/logo\/image\/"},"sameAs":["https:\/\/www.facebook.com\/profile.php?id=61556143894387&locale=ro_RO","https:\/\/www.instagram.com\/kindora.romania\/","https:\/\/www.tiktok.com\/@kindora.romania","https:\/\/www.linkedin.com\/company\/kindoraromania\/posts\/?feedView=all","https:\/\/www.youtube.com\/@kindora.romania"]},{"@type":"Person","@id":"https:\/\/kindora.com\/ro\/#\/schema\/person\/a379a6b259fcf55d5d33dedf1b5bb161","name":"Mihaela Dumitrescu","image":{"@type":"ImageObject","inLanguage":"ro-RO","@id":"https:\/\/secure.gravatar.com\/avatar\/5911035894d4ff97cc894061000c24e31e2b6f28586d286cee0c08bece631f1e?s=96&d=mm&r=g","url":"https:\/\/secure.gravatar.com\/avatar\/5911035894d4ff97cc894061000c24e31e2b6f28586d286cee0c08bece631f1e?s=96&d=mm&r=g","contentUrl":"https:\/\/secure.gravatar.com\/avatar\/5911035894d4ff97cc894061000c24e31e2b6f28586d286cee0c08bece631f1e?s=96&d=mm&r=g","caption":"Mihaela Dumitrescu"},"description":"Mihaela \u0219i-a \u00eenceput parcursul \u00een domeniul s\u0103n\u0103t\u0103\u021bii cu un an \u0219i jum\u0103tate \u00een urm\u0103. Pasiunea pentru scris a \u00eenceput \u00eenc\u0103 din copil\u0103rie \u0219i s-a conturat pe durata Facult\u0103\u021bii de Limbi \u0219i Literaturi Str\u0103ine din cadrul Unibuc, dob\u00e2ndind ulterior un Master \u00een Traduceri Literare. \u00cen timpul ei la Kindora, Mihaela a prins un interes major pentru zona de nutri\u021bie \u0219i stil de via\u021b\u0103 s\u0103n\u0103tos, dorind, la r\u00e2ndul ei, s\u0103 ajute oamenii s\u0103 \u00een\u021beleag\u0103 impactul alimenta\u021biei asupra bun\u0103st\u0103rii zilnice \u0219i s\u0103 fac\u0103 alegeri mai bune pentru s\u0103n\u0103tatea lor.","url":"https:\/\/kindora.com\/ro\/author\/mihaela-dumitrescu\/"}]}},"_links":{"self":[{"href":"https:\/\/kindora.com\/ro\/wp-json\/wp\/v2\/posts\/8496","targetHints":{"allow":["GET"]}}],"collection":[{"href":"https:\/\/kindora.com\/ro\/wp-json\/wp\/v2\/posts"}],"about":[{"href":"https:\/\/kindora.com\/ro\/wp-json\/wp\/v2\/types\/post"}],"author":[{"embeddable":true,"href":"https:\/\/kindora.com\/ro\/wp-json\/wp\/v2\/users\/319"}],"replies":[{"embeddable":true,"href":"https:\/\/kindora.com\/ro\/wp-json\/wp\/v2\/comments?post=8496"}],"version-history":[{"count":5,"href":"https:\/\/kindora.com\/ro\/wp-json\/wp\/v2\/posts\/8496\/revisions"}],"predecessor-version":[{"id":15159,"href":"https:\/\/kindora.com\/ro\/wp-json\/wp\/v2\/posts\/8496\/revisions\/15159"}],"wp:featuredmedia":[{"embeddable":true,"href":"https:\/\/kindora.com\/ro\/wp-json\/wp\/v2\/media\/8499"}],"wp:attachment":[{"href":"https:\/\/kindora.com\/ro\/wp-json\/wp\/v2\/media?parent=8496"}],"wp:term":[{"taxonomy":"category","embeddable":true,"href":"https:\/\/kindora.com\/ro\/wp-json\/wp\/v2\/categories?post=8496"},{"taxonomy":"post_tag","embeddable":true,"href":"https:\/\/kindora.com\/ro\/wp-json\/wp\/v2\/tags?post=8496"}],"curies":[{"name":"wp","href":"https:\/\/api.w.org\/{rel}","templated":true}]}}